{"id":22,"date":"2024-07-19T15:18:50","date_gmt":"2024-07-19T15:18:50","guid":{"rendered":"https:\/\/ambitoentrerriano.com.ar\/web\/?p=22"},"modified":"2024-07-29T02:19:58","modified_gmt":"2024-07-29T02:19:58","slug":"comenzo-la-23a-obra-de-infraestructura-escolar-comprendida-en-el-plan-de-emergencia-de-la-provincia","status":"publish","type":"post","link":"https:\/\/diarioentrerriano.com.ar\/web\/?p=22","title":{"rendered":"Comenz\u00f3 la 23\u00aa obra de infraestructura escolar."},"content":{"rendered":"\n<p class=\"wp-block-paragraph\">Durante su visita a la ciudad de La Paz, el gobernador Rogelio Frigerio se acerc\u00f3 hasta la escuela N\u00ba 3 Domingo French, comprendida en el Plan de Emergencia de Infraestructura Escolar. \u00abIniciamos en este establecimiento escolar la intervenci\u00f3n n\u00famero 23 de las 50 incluidas en el plan para mejorar r\u00e1pidamente la infraestructura escolar\u00bb, se\u00f1al\u00f3, al tiempo que precis\u00f3 que ya se concluyeron 16 obras en nueve departamentos.<\/p>\n\n\n\n<p class=\"wp-block-paragraph\">Junto al ministro de Infraestructura, Dar\u00edo Schneider, el primer mandatario entrerriano se hizo presente en esa escuela NINA que tiene una matr\u00edcula de casi 500 alumnos aproximadamente, entre nivel inicial y primario. All\u00ed fueron recibidos por su vicedirectora, Nancy Wendler, con quien efectuaron una recorrida.<\/p>\n\n\n\n<h2 class=\"wp-block-heading\">Suman nuevas intervenciones en escuelas<\/h2>\n\n\n\n<p class=\"wp-block-paragraph\">En la escuela N\u00ba 3 Domingo French se proceder\u00e1 a la reparaci\u00f3n de grupo sanitario y cielorrasos, que demandar\u00e1n una inversi\u00f3n de 6.349.603 pesos.<\/p>\n\n\n\n<p class=\"wp-block-paragraph\">Desde el gobierno provincial se destac\u00f3 que, con un alto grado de eficiencia, en un mes se terminaron 16 emergencias en nueve departamentos de la provincia, en las cuales se invirtieron 302 millones de pesos.<\/p>\n\n\n\n<p class=\"wp-block-paragraph\">Finalmente, se indic\u00f3 que en el 45 por ciento de las escuelas incluidas en el plan se iniciaron las intervenciones de emergencia.<\/p>\n\n\n\n<p class=\"wp-block-paragraph\">Cabe destacar que este plan de emergencia cumple hoy un mes de presentado y se viene ejecutando seg\u00fan la planificaci\u00f3n y presupuestos establecidos. De este modo se est\u00e1 dando respuesta al sector educativo haciendo uso eficiente de los fondos disponibles.<\/p>\n","protected":false},"excerpt":{"rendered":"<p>Durante su visita a la ciudad de La Paz, el gobernador Rogelio Frigerio se acerc\u00f3 hasta la escuela N\u00ba 3 Domingo French, comprendida en el Plan de Emergencia de Infraestructura Escolar. \u00abIniciamos en este establecimiento escolar la intervenci\u00f3n n\u00famero 23 de las 50 incluidas en el plan para mejorar r\u00e1pidamente la infraestructura escolar\u00bb, se\u00f1al\u00f3, al [&hellip;]<\/p>\n","protected":false},"author":1,"featured_media":23,"comment_status":"open","ping_status":"closed","sticky":false,"template":"","format":"standard","meta":{"_et_pb_use_builder":"","_et_pb_old_content":"","_et_gb_content_width":"","footnotes":""},"categories":[1],"tags":[],"class_list":["post-22","post","type-post","status-publish","format-standard","has-post-thumbnail","hentry","category-actualidad"],"_links":{"self":[{"href":"https:\/\/diarioentrerriano.com.ar\/web\/index.php?rest_route=\/wp\/v2\/posts\/22","targetHints":{"allow":["GET"]}}],"collection":[{"href":"https:\/\/diarioentrerriano.com.ar\/web\/index.php?rest_route=\/wp\/v2\/posts"}],"about":[{"href":"https:\/\/diarioentrerriano.com.ar\/web\/index.php?rest_route=\/wp\/v2\/types\/post"}],"author":[{"embeddable":true,"href":"https:\/\/diarioentrerriano.com.ar\/web\/index.php?rest_route=\/wp\/v2\/users\/1"}],"replies":[{"embeddable":true,"href":"https:\/\/diarioentrerriano.com.ar\/web\/index.php?rest_route=%2Fwp%2Fv2%2Fcomments&post=22"}],"version-history":[{"count":2,"href":"https:\/\/diarioentrerriano.com.ar\/web\/index.php?rest_route=\/wp\/v2\/posts\/22\/revisions"}],"predecessor-version":[{"id":263,"href":"https:\/\/diarioentrerriano.com.ar\/web\/index.php?rest_route=\/wp\/v2\/posts\/22\/revisions\/263"}],"wp:featuredmedia":[{"embeddable":true,"href":"https:\/\/diarioentrerriano.com.ar\/web\/index.php?rest_route=\/wp\/v2\/media\/23"}],"wp:attachment":[{"href":"https:\/\/diarioentrerriano.com.ar\/web\/index.php?rest_route=%2Fwp%2Fv2%2Fmedia&parent=22"}],"wp:term":[{"taxonomy":"category","embeddable":true,"href":"https:\/\/diarioentrerriano.com.ar\/web\/index.php?rest_route=%2Fwp%2Fv2%2Fcategories&post=22"},{"taxonomy":"post_tag","embeddable":true,"href":"https:\/\/diarioentrerriano.com.ar\/web\/index.php?rest_route=%2Fwp%2Fv2%2Ftags&post=22"}],"curies":[{"name":"wp","href":"https:\/\/api.w.org\/{rel}","templated":true}]}}