{"id":25,"date":"2024-07-19T15:20:18","date_gmt":"2024-07-19T15:20:18","guid":{"rendered":"https:\/\/ambitoentrerriano.com.ar\/web\/?p=25"},"modified":"2024-07-29T02:19:41","modified_gmt":"2024-07-29T02:19:41","slug":"jornada-de-capacitacion-en-manejo-de-herramientas-financieras-para-la-produccion-en-gualeguaychu","status":"publish","type":"post","link":"https:\/\/diarioentrerriano.com.ar\/web\/?p=25","title":{"rendered":"Jornada de capacitaci\u00f3n en manejo de herramientas financieras."},"content":{"rendered":"\n<p class=\"wp-block-paragraph\">Empresarios y emprendedores en Gualeguaych\u00fa se capacitaron en manejo de herramientas de financiamiento para la producci\u00f3n y el trabajo.<\/p>\n\n\n\n<p class=\"wp-block-paragraph\">La actividad, impulsada desde el Ministerio de Desarrollo Econ\u00f3mico, se desarroll\u00f3 en el Centro de convenciones del Parque de la Estaci\u00f3n; y estuvo organizada por la Secretar\u00eda de Inversiones y Desarrollo Local de Gualeguaych\u00fa, en conjunto con la Direcci\u00f3n de Industria y Parques Industriales y la Direcci\u00f3n de Asistencia a Mipymes de Entre R\u00edos.<\/p>\n\n\n\n<p class=\"wp-block-paragraph\">La secretaria de Desarrollo Econ\u00f3mico y Emprendedor, Paula Vicari, resalt\u00f3: \u00abLa convocatoria demostr\u00f3 el inter\u00e9s del p\u00fablico para con la propuesta. Es crucial que tanto el empresario Pyme como el emprendedor entrerriano conozcan en profundidad las herramientas financieras a las cuales pueden acceder. Gualeguaych\u00fa ha sido siempre uno los polos industriales m\u00e1s fruct\u00edferos de la provincia, una comunidad que siempre tom\u00f3 la iniciativa de desarrollar la industria para fortalecer su econom\u00eda y su oferta laboral. Es por ello que continuaremos trabajando fuertemente con el Municipio en acercarle soluciones para el crecimiento del sector privado\u00bb, finaliz\u00f3 la funcionaria.<\/p>\n\n\n\n<p class=\"wp-block-paragraph\">En tanto, la directora de Industria y Parques Industriales.Cecilia Lacava, precis\u00f3 que \u00abeste encuentro tiene como objetivo exponer todas las l\u00edneas de cr\u00e9dito disponibles tanto del Estado entrerriano como de la banca p\u00fablica y privada, brindando as\u00ed a industriales, comerciantes, personas vinculadas a la producci\u00f3n en general y emprendedores, la posibilidad de conocer diversas opciones de financiamiento; como por ejemplo las que brinda el Consejo Federal de Inversiones, el Fondo de Garant\u00edas de Entre R\u00edos, y otras l\u00edneas de financiaci\u00f3n multilateral\u00bb.<\/p>\n\n\n\n<p class=\"wp-block-paragraph\">El acto de apertura estuvo a cargo de autoridades provinciales y municipales: la secretaria de Desarrollo Productivo y Emprendedor de la Provincia, Paula Vicari; la directora de Desarrollo Emprendedor, Evelyn Viganoni; la directora de Industria y Parques Industriales, Cecilia Lacava; el director de Asistencia a Mipymes de Entre R\u00edos, Leonardo Walter. Por el municipio local, estuvieron la presidenta del Honorable Consejo Deliberante, Julieta Carraza; la secretaria de Inversiones y Desarrollo Local de Gualeguaych\u00fa, Estela Mi\u00f1o; y el director de Vinculaci\u00f3n Tecnol\u00f3gica, Rodrigo Almeida. A su vez, participaron del mismo los diputados provinciales Carlos Damasco y Lorena Arrozogaray; y representantes del ejecutivo de Pueblo General Belgrano y Urdinarrain.<\/p>\n\n\n\n<p class=\"wp-block-paragraph\">Posteriormente, tuvo lugar el panel \u00abHerramientas y l\u00edneas de financiamiento\u00bb, orientado a distintos aspectos de la promoci\u00f3n industrial y sus correspondientes l\u00edneas de financiamiento disponibles; al que se sum\u00f3 la directora provincial de Desarrollo Emprendedor, Evelyn Viganoni, como as\u00ed tambi\u00e9n miembros del Fondo de Garant\u00edas de Entre R\u00edos (Fogaer) de manera virtual. Luego, se desarroll\u00f3 el panel titulado \u00abOferta crediticia actual\u00bb, a cargo de ingenieros del Consejo Federal de Inversiones (CFI); Diego Miguel C\u00e1ceres por el Banco de la Naci\u00f3n Argentina; Nicol\u00e1s Delorenzi del Banco Entre R\u00edos y Judith Asrilevich por el Banco Credicoop.<\/p>\n\n\n\n<p class=\"wp-block-paragraph\">El cierre estuvo a cargo de economista Esteban Domecq, quien desarroll\u00f3 su mirada sobre las oportunidades y desaf\u00edos financieros actuales en la Argentina.<\/p>\n","protected":false},"excerpt":{"rendered":"<p>Empresarios y emprendedores en Gualeguaych\u00fa se capacitaron en manejo de herramientas de financiamiento para la producci\u00f3n y el trabajo. La actividad, impulsada desde el Ministerio de Desarrollo Econ\u00f3mico, se desarroll\u00f3 en el Centro de convenciones del Parque de la Estaci\u00f3n; y estuvo organizada por la Secretar\u00eda de Inversiones y Desarrollo Local de Gualeguaych\u00fa, en conjunto [&hellip;]<\/p>\n","protected":false},"author":1,"featured_media":26,"comment_status":"open","ping_status":"closed","sticky":false,"template":"","format":"standard","meta":{"_et_pb_use_builder":"","_et_pb_old_content":"","_et_gb_content_width":"","footnotes":""},"categories":[5],"tags":[],"class_list":["post-25","post","type-post","status-publish","format-standard","has-post-thumbnail","hentry","category-politica_economia"],"_links":{"self":[{"href":"https:\/\/diarioentrerriano.com.ar\/web\/index.php?rest_route=\/wp\/v2\/posts\/25","targetHints":{"allow":["GET"]}}],"collection":[{"href":"https:\/\/diarioentrerriano.com.ar\/web\/index.php?rest_route=\/wp\/v2\/posts"}],"about":[{"href":"https:\/\/diarioentrerriano.com.ar\/web\/index.php?rest_route=\/wp\/v2\/types\/post"}],"author":[{"embeddable":true,"href":"https:\/\/diarioentrerriano.com.ar\/web\/index.php?rest_route=\/wp\/v2\/users\/1"}],"replies":[{"embeddable":true,"href":"https:\/\/diarioentrerriano.com.ar\/web\/index.php?rest_route=%2Fwp%2Fv2%2Fcomments&post=25"}],"version-history":[{"count":2,"href":"https:\/\/diarioentrerriano.com.ar\/web\/index.php?rest_route=\/wp\/v2\/posts\/25\/revisions"}],"predecessor-version":[{"id":261,"href":"https:\/\/diarioentrerriano.com.ar\/web\/index.php?rest_route=\/wp\/v2\/posts\/25\/revisions\/261"}],"wp:featuredmedia":[{"embeddable":true,"href":"https:\/\/diarioentrerriano.com.ar\/web\/index.php?rest_route=\/wp\/v2\/media\/26"}],"wp:attachment":[{"href":"https:\/\/diarioentrerriano.com.ar\/web\/index.php?rest_route=%2Fwp%2Fv2%2Fmedia&parent=25"}],"wp:term":[{"taxonomy":"category","embeddable":true,"href":"https:\/\/diarioentrerriano.com.ar\/web\/index.php?rest_route=%2Fwp%2Fv2%2Fcategories&post=25"},{"taxonomy":"post_tag","embeddable":true,"href":"https:\/\/diarioentrerriano.com.ar\/web\/index.php?rest_route=%2Fwp%2Fv2%2Ftags&post=25"}],"curies":[{"name":"wp","href":"https:\/\/api.w.org\/{rel}","templated":true}]}}