{"id":256,"date":"2024-07-29T02:14:54","date_gmt":"2024-07-29T02:14:54","guid":{"rendered":"https:\/\/ambitoentrerriano.com.ar\/web\/?p=256"},"modified":"2024-07-29T02:14:55","modified_gmt":"2024-07-29T02:14:55","slug":"estafa-en-redes-sociales-marketplace-no-es-un-medio-para-hacer-compras","status":"publish","type":"post","link":"https:\/\/diarioentrerriano.com.ar\/web\/?p=256","title":{"rendered":"Estafa en redes sociales: \u201cMarketplace no es un medio para hacer compras\u201d"},"content":{"rendered":"\n<p class=\"wp-block-paragraph\">As\u00ed lo indic\u00f3 Eliana Galarza, jefa de la Divisi\u00f3n de Delitos Econ\u00f3micos, a\u00a0<strong>Elonce<\/strong>\u00a0tras una estafa que ocurri\u00f3 en los \u00faltimos d\u00edas por medio de la red social Facebook. Conoc\u00e9 algunas recomendaciones para prevenir el enga\u00f1o.<\/p>\n\n\n\n<p class=\"wp-block-paragraph\">Una nueva estafa se produjo en los \u00faltimos d\u00edas, por medio de la plataforma Market Place de la red social Facebook. All\u00ed, una persona, a trav\u00e9s de un perfil falso, comercializ\u00f3 diferentes electrodom\u00e9sticos y ofreci\u00f3 la direcci\u00f3n de una vivienda de Avenida Almafuerte en Paran\u00e1 para pasar a retirar el producto. Debido al enga\u00f1o, quienes alquilan el domicilio y la due\u00f1a del inmueble, desde hace m\u00e1s de dos meses, se encuentran atravesando una situaci\u00f3n angustiante.<\/p>\n\n\n\n<p class=\"wp-block-paragraph\">En ese contexto, Eliana Galarza, jefa de la Divisi\u00f3n de Delitos Econ\u00f3micos de la Direcci\u00f3n de Investigaciones de la Polic\u00eda de Entre R\u00edos, manifest\u00f3 a Elonce: \u201cEl jueves recibimos una denuncia de un familiar de una mujer mayor de edad, quien daba a conocer esta situaci\u00f3n desagradable que tuvo que pasar durante varios d\u00edas de la semana, ya que vecinos de la ciudad llegaban a su domicilio para retirar electrodom\u00e9sticos que hab\u00edan comprado. Estos productos fueron adquiridos a trav\u00e9s de una transacci\u00f3n por medio de la plataforma Market Place de Facebook. Fue una situaci\u00f3n fraudulenta, porque la persona que hac\u00eda los posteos era un perfil falso\u201d.<\/p>\n\n\n\n<p class=\"wp-block-paragraph\">Adem\u00e1s, agreg\u00f3: \u201cLos vecinos estaban ofuscados, porque esperaban poder entrevistarse con la persona que hab\u00eda realizado la venta y se encontraban con que fueron v\u00edctimas de una estafa. Dicha situaci\u00f3n fraudulenta, es muy similar a aquellos que son enga\u00f1ados al momento de adquirir un contrato para realizar el alquiler de un inmueble, a trav\u00e9s de la misma plataforma\u201d.<\/p>\n\n\n\n<p class=\"wp-block-paragraph\">En cuanto a las recomendaciones, sostuvo: \u201cMarket Place no es el medio indicado u oficial para realizar una compra o efectuar una transacci\u00f3n para un alquiler. Por eso, siempre que vamos a hacer estas operatorias, tenemos que cerciorarnos de llevarlo a cabo a trav\u00e9s de una plataforma oficial o en forma f\u00edsica con una persona, a quien le vayamos a abonar al momento de firmar un contrato o adquirir un electrodom\u00e9stico\u201d.<\/p>\n","protected":false},"excerpt":{"rendered":"<p>As\u00ed lo indic\u00f3 Eliana Galarza, jefa de la Divisi\u00f3n de Delitos Econ\u00f3micos, a\u00a0Elonce\u00a0tras una estafa que ocurri\u00f3 en los \u00faltimos d\u00edas por medio de la red social Facebook. Conoc\u00e9 algunas recomendaciones para prevenir el enga\u00f1o. Una nueva estafa se produjo en los \u00faltimos d\u00edas, por medio de la plataforma Market Place de la red social [&hellip;]<\/p>\n","protected":false},"author":1,"featured_media":257,"comment_status":"open","ping_status":"closed","sticky":false,"template":"","format":"standard","meta":{"_et_pb_use_builder":"off","_et_pb_old_content":"","_et_gb_content_width":"","footnotes":""},"categories":[1],"tags":[],"class_list":["post-256","post","type-post","status-publish","format-standard","has-post-thumbnail","hentry","category-actualidad"],"_links":{"self":[{"href":"https:\/\/diarioentrerriano.com.ar\/web\/index.php?rest_route=\/wp\/v2\/posts\/256","targetHints":{"allow":["GET"]}}],"collection":[{"href":"https:\/\/diarioentrerriano.com.ar\/web\/index.php?rest_route=\/wp\/v2\/posts"}],"about":[{"href":"https:\/\/diarioentrerriano.com.ar\/web\/index.php?rest_route=\/wp\/v2\/types\/post"}],"author":[{"embeddable":true,"href":"https:\/\/diarioentrerriano.com.ar\/web\/index.php?rest_route=\/wp\/v2\/users\/1"}],"replies":[{"embeddable":true,"href":"https:\/\/diarioentrerriano.com.ar\/web\/index.php?rest_route=%2Fwp%2Fv2%2Fcomments&post=256"}],"version-history":[{"count":1,"href":"https:\/\/diarioentrerriano.com.ar\/web\/index.php?rest_route=\/wp\/v2\/posts\/256\/revisions"}],"predecessor-version":[{"id":258,"href":"https:\/\/diarioentrerriano.com.ar\/web\/index.php?rest_route=\/wp\/v2\/posts\/256\/revisions\/258"}],"wp:featuredmedia":[{"embeddable":true,"href":"https:\/\/diarioentrerriano.com.ar\/web\/index.php?rest_route=\/wp\/v2\/media\/257"}],"wp:attachment":[{"href":"https:\/\/diarioentrerriano.com.ar\/web\/index.php?rest_route=%2Fwp%2Fv2%2Fmedia&parent=256"}],"wp:term":[{"taxonomy":"category","embeddable":true,"href":"https:\/\/diarioentrerriano.com.ar\/web\/index.php?rest_route=%2Fwp%2Fv2%2Fcategories&post=256"},{"taxonomy":"post_tag","embeddable":true,"href":"https:\/\/diarioentrerriano.com.ar\/web\/index.php?rest_route=%2Fwp%2Fv2%2Ftags&post=256"}],"curies":[{"name":"wp","href":"https:\/\/api.w.org\/{rel}","templated":true}]}}